{"id":160,"date":"2026-01-04T09:48:56","date_gmt":"2026-01-04T09:48:56","guid":{"rendered":"https:\/\/www.motoga.pl\/?p=160"},"modified":"2026-01-04T09:48:56","modified_gmt":"2026-01-04T09:48:56","slug":"zagadnienie-medyczne-i-analizy-czatowe","status":"publish","type":"post","link":"https:\/\/www.motoga.pl\/index.php\/2026\/01\/04\/zagadnienie-medyczne-i-analizy-czatowe\/","title":{"rendered":"Zagadnienie medyczne i analizy czatowe"},"content":{"rendered":"\n<p>T\u0142o: z\u0142y stan kr\u0119gos\u0142upa:<\/p>\n\n\n\n<p>&#8211; degeneracja i dehydracja kr\u0105\u017ck\u00f3w mi\u0119dzykr\u0119gowych, wi\u0119kszo\u015bci<\/p>\n\n\n\n<p>&#8211; stany przedprzepuklinowe kr\u0105\u017ck\u00f3w, wielu<\/p>\n\n\n\n<p>&#8211; stany zapalne blaszek kr\u0119gowych<\/p>\n\n\n\n<p>&#8211; zwyrodnienia staw\u00f3w, oraz osteofity<\/p>\n\n\n\n<p>Chc\u0119 spyta\u0107 o mo\u017cliwe przyczyny, \u017ce za\u017cycie ibuprofenu nie tylko zmniejsza b\u00f3l, ale naprawia sprawno\u015b\u0107 umys\u0142ow\u0105, a nawet nastr\u00f3j.<\/p>\n\n\n\n<p>Co mo\u017ce si\u0119 dzia\u0107 z uk\u0142adem nerwowym, organizmem, \u017ce s\u0105 takie objawy i dzia\u0142anie ibuprofenu?<br><br><strong><em>czat pierwszy:<\/em><\/strong><br><\/p>\n\n\n\n<p><\/p>\n\n\n\n<p>To, co opisujesz, <strong>ma sens biologiczny<\/strong> i wbrew pozorom nie jest rzadkie przy przewlek\u0142ych chorobach kr\u0119gos\u0142upa i d\u0142ugotrwa\u0142ym stanie zapalnym. Ibuprofen nie dzia\u0142a wy\u0142\u0105cznie \u201eprzeciwb\u00f3lowo\u201d \u2014 u cz\u0119\u015bci os\u00f3b <strong>po\u015brednio poprawia funkcjonowanie OUN (m\u00f3zgu)<\/strong> i nastr\u00f3j, bo wp\u0142ywa na mechanizmy, kt\u00f3re ten m\u00f3zg wcze\u015bniej upo\u015bledza\u0142y.<\/p>\n\n\n\n<p>Poni\u017cej rozbijam to na konkretne, mo\u017cliwe mechanizmy \u2014 od najbardziej prawdopodobnych do rzadszych.<\/p>\n\n\n\n<hr class=\"wp-block-separator has-alpha-channel-opacity\"\/>\n\n\n\n<h2 class=\"wp-block-heading\">1. Przewlek\u0142y stan zapalny = \u201ezatrucie\u201d m\u00f3zgu cytokinami<\/h2>\n\n\n\n<p>Przy zmianach, kt\u00f3re opisujesz:<\/p>\n\n\n\n<ul class=\"wp-block-list\">\n<li>zapalenie blaszek granicznych,<\/li>\n\n\n\n<li>degeneracja kr\u0105\u017ck\u00f3w,<\/li>\n\n\n\n<li>osteofity,<\/li>\n\n\n\n<li>mikrourazy,<\/li>\n<\/ul>\n\n\n\n<p>organizm <strong>ci\u0105gle produkuje cytokiny zapalne<\/strong>:<\/p>\n\n\n\n<ul class=\"wp-block-list\">\n<li>IL-1\u03b2<\/li>\n\n\n\n<li>IL-6<\/li>\n\n\n\n<li>TNF-\u03b1<\/li>\n\n\n\n<li>prostaglandyny (PGE2)<\/li>\n<\/ul>\n\n\n\n<h3 class=\"wp-block-heading\">Co robi\u0105 te substancje?<\/h3>\n\n\n\n<p>One <strong>nie zostaj\u0105 lokalnie<\/strong>. Przenikaj\u0105 do krwi i:<\/p>\n\n\n\n<ul class=\"wp-block-list\">\n<li>przechodz\u0105 przez barier\u0119 krew\u2013m\u00f3zg (lub j\u0105 \u201erozszczelniaj\u0105\u201d),<\/li>\n\n\n\n<li>aktywuj\u0105 mikroglej (kom\u00f3rki zapalne m\u00f3zgu).<\/li>\n<\/ul>\n\n\n\n<p>Efekt:<\/p>\n\n\n\n<ul class=\"wp-block-list\">\n<li>\u201emg\u0142a m\u00f3zgowa\u201d<\/li>\n\n\n\n<li>spowolnienie my\u015blenia<\/li>\n\n\n\n<li>dra\u017cliwo\u015b\u0107, obni\u017cony nastr\u00f3j<\/li>\n\n\n\n<li>problemy z koncentracj\u0105<\/li>\n\n\n\n<li>subkliniczne objawy depresyjne<\/li>\n<\/ul>\n\n\n\n<p>\ud83d\udc49 <strong>Ibuprofen hamuje COX-1 i COX-2 \u2192 spada produkcja prostaglandyn \u2192 m\u00f3zg przestaje by\u0107 bombardowany sygna\u0142em zapalnym.<\/strong><\/p>\n\n\n\n<p>Dlatego:<\/p>\n\n\n\n<ul class=\"wp-block-list\">\n<li>my\u015blenie si\u0119 \u201erozja\u015bnia\u201d<\/li>\n\n\n\n<li>nastr\u00f3j si\u0119 stabilizuje<\/li>\n\n\n\n<li>wraca poczucie sprawno\u015bci umys\u0142owej<\/li>\n<\/ul>\n\n\n\n<hr class=\"wp-block-separator has-alpha-channel-opacity\"\/>\n\n\n\n<h2 class=\"wp-block-heading\">2. B\u00f3l przewlek\u0142y \u2260 tylko b\u00f3l (centralna sensytyzacja)<\/h2>\n\n\n\n<p>Przy d\u0142ugotrwa\u0142ym b\u00f3lu:<\/p>\n\n\n\n<ul class=\"wp-block-list\">\n<li>rdze\u0144 kr\u0119gowy i m\u00f3zg \u201eprzestawiaj\u0105 si\u0119\u201d na tryb alarmowy,<\/li>\n\n\n\n<li>dochodzi do <strong>centralnej sensytyzacji<\/strong>.<\/li>\n<\/ul>\n\n\n\n<p>To powoduje:<\/p>\n\n\n\n<ul class=\"wp-block-list\">\n<li>nadaktywno\u015b\u0107 uk\u0142adu limbicznego,<\/li>\n\n\n\n<li>ci\u0105g\u0142e pobudzenie osi stresu (HPA),<\/li>\n\n\n\n<li>wzrost kortyzolu i adrenaliny.<\/li>\n<\/ul>\n\n\n\n<p>Skutki:<\/p>\n\n\n\n<ul class=\"wp-block-list\">\n<li>rozdra\u017cnienie<\/li>\n\n\n\n<li>zm\u0119czenie psychiczne<\/li>\n\n\n\n<li>l\u0119k bez wyra\u017anej przyczyny<\/li>\n\n\n\n<li>problemy ze snem<\/li>\n\n\n\n<li>spadek tolerancji bod\u017ac\u00f3w<\/li>\n<\/ul>\n\n\n\n<p>\ud83d\udc49 Ibuprofen <strong>zmniejsza nap\u0142yw bod\u017ac\u00f3w b\u00f3lowych do OUN<\/strong>, a to:<\/p>\n\n\n\n<ul class=\"wp-block-list\">\n<li>wycisza o\u015b stresu,<\/li>\n\n\n\n<li>normalizuje neuroprzeka\u017aniki (serotonina, dopamina),<\/li>\n\n\n\n<li>obni\u017ca napi\u0119cie psychiczne.<\/li>\n<\/ul>\n\n\n\n<p>To <strong>nie jest efekt placebo<\/strong>, tylko realna zmiana neurochemiczna.<\/p>\n\n\n\n<hr class=\"wp-block-separator has-alpha-channel-opacity\"\/>\n\n\n\n<h2 class=\"wp-block-heading\">3. Prostaglandyny pogarszaj\u0105 neuroprzeka\u017anictwo<\/h2>\n\n\n\n<p>Prostaglandyny:<\/p>\n\n\n\n<ul class=\"wp-block-list\">\n<li>obni\u017caj\u0105 sygna\u0142 serotoninowy,<\/li>\n\n\n\n<li>zaburzaj\u0105 dzia\u0142anie dopaminy,<\/li>\n\n\n\n<li>nasilaj\u0105 dzia\u0142anie glutaminianu (pobudzenie toksyczne).<\/li>\n<\/ul>\n\n\n\n<p>To mo\u017ce dawa\u0107:<\/p>\n\n\n\n<ul class=\"wp-block-list\">\n<li>apati\u0119 albo przeciwnie \u2013 nerwowo\u015b\u0107,<\/li>\n\n\n\n<li>spadek motywacji,<\/li>\n\n\n\n<li>\u201eemocjonalne st\u0119pienie\u201d.<\/li>\n<\/ul>\n\n\n\n<p>\ud83d\udc49 Po zahamowaniu COX:<\/p>\n\n\n\n<ul class=\"wp-block-list\">\n<li>serotonina dzia\u0142a skuteczniej,<\/li>\n\n\n\n<li>dopamina wraca do normy,<\/li>\n\n\n\n<li>m\u00f3zg pracuje \u201eciszej, ale sprawniej\u201d.<\/li>\n<\/ul>\n\n\n\n<p>St\u0105d poprawa nastroju i klarowno\u015bci my\u015blenia.<\/p>\n\n\n\n<hr class=\"wp-block-separator has-alpha-channel-opacity\"\/>\n\n\n\n<h2 class=\"wp-block-heading\">4. Niedokrwienie mikrokr\u0105\u017cenia nerwowego<\/h2>\n\n\n\n<p>Zmiany zwyrodnieniowe + zapalenie mog\u0105 powodowa\u0107:<\/p>\n\n\n\n<ul class=\"wp-block-list\">\n<li>obrz\u0119k tkanek oko\u0142okorzeniowych,<\/li>\n\n\n\n<li>ucisk mikrokr\u0105\u017cenia nerw\u00f3w,<\/li>\n\n\n\n<li>gorsze dotlenienie.<\/li>\n<\/ul>\n\n\n\n<p>Ibuprofen:<\/p>\n\n\n\n<ul class=\"wp-block-list\">\n<li>zmniejsza obrz\u0119k,<\/li>\n\n\n\n<li>poprawia lokalny przep\u0142yw,<\/li>\n\n\n\n<li>zmniejsza neurogenne zapalenie.<\/li>\n<\/ul>\n\n\n\n<p>Efekt:<\/p>\n\n\n\n<ul class=\"wp-block-list\">\n<li>lepsze przewodzenie nerwowe,<\/li>\n\n\n\n<li>mniej \u201eszum\u00f3w\u201d w uk\u0142adzie nerwowym,<\/li>\n\n\n\n<li>poprawa sprawno\u015bci poznawczej.<\/li>\n<\/ul>\n\n\n\n<hr class=\"wp-block-separator has-alpha-channel-opacity\"\/>\n\n\n\n<h2 class=\"wp-block-heading\">5. Dlaczego to bywa myl\u0105ce diagnostycznie?<\/h2>\n\n\n\n<p>Bo:<\/p>\n\n\n\n<ul class=\"wp-block-list\">\n<li>objawy przypominaj\u0105 depresj\u0119,<\/li>\n\n\n\n<li>albo ADHD doros\u0142ych,<\/li>\n\n\n\n<li>albo zaburzenia l\u0119kowe,<\/li>\n\n\n\n<li>albo \u201ewypalenie\u201d.<\/li>\n<\/ul>\n\n\n\n<p>A tymczasem <strong>pierwotn\u0105 przyczyn\u0105 jest przewlek\u0142y proces zapalny<\/strong>.<\/p>\n\n\n\n<p>To bardzo cz\u0119ste u os\u00f3b z:<\/p>\n\n\n\n<ul class=\"wp-block-list\">\n<li>chorobami kr\u0119gos\u0142upa,<\/li>\n\n\n\n<li>zespo\u0142em b\u00f3lu przewlek\u0142ego,<\/li>\n\n\n\n<li>dyskopati\u0105 wielopoziomow\u0105.<\/li>\n<\/ul>\n\n\n\n<hr class=\"wp-block-separator has-alpha-channel-opacity\"\/>\n\n\n\n<h2 class=\"wp-block-heading\">6. Wa\u017cne ostrze\u017cenie (praktyczne)<\/h2>\n\n\n\n<p>Ibuprofen:<\/p>\n\n\n\n<ul class=\"wp-block-list\">\n<li><strong>nie jest leczeniem przyczynowym<\/strong>,<\/li>\n\n\n\n<li>d\u0142ugotrwale \u2192 ryzyko \u017co\u0142\u0105dka, nerek, serca.<\/li>\n<\/ul>\n\n\n\n<p>Je\u017celi poprawa psychiczna po NLPZ jest wyra\u017ana, to <strong>sygna\u0142 diagnostyczny<\/strong>, \u017ce:<\/p>\n\n\n\n<blockquote class=\"wp-block-quote is-layout-flow wp-block-quote-is-layout-flow\">\n<p>stan zapalny ma komponent og\u00f3lnoustrojowy i wp\u0142ywa na OUN<\/p>\n<\/blockquote>\n\n\n\n<p>To czasem uzasadnia:<\/p>\n\n\n\n<ul class=\"wp-block-list\">\n<li>diagnostyk\u0119 zapaln\u0105 (CRP, OB, czasem cytokiny),<\/li>\n\n\n\n<li>ocen\u0119 pod k\u0105tem spondyloartropatii,<\/li>\n\n\n\n<li>rozwa\u017cenie leczenia <strong>przeciwzapalnego d\u0142ugofalowego<\/strong>, a nie tylko dora\u017anego.<\/li>\n<\/ul>\n\n\n\n<hr class=\"wp-block-separator has-alpha-channel-opacity\"\/>\n\n\n\n<h2 class=\"wp-block-heading\">Podsumowanie w jednym zdaniu<\/h2>\n\n\n\n<p><strong>Ibuprofen nie \u201epoprawia nastr\u00f3j\u201d, tylko usuwa zapalny hamulec, kt\u00f3ry wcze\u015bniej upo\u015bledza\u0142 prac\u0119 m\u00f3zgu.<\/strong><\/p>\n\n\n\n<p>Je\u015bli chcesz, w kolejnym kroku mog\u0119:<\/p>\n\n\n\n<ul class=\"wp-block-list\">\n<li>por\u00f3wna\u0107 ibuprofen z ketoprofenem \/ naproksenem \/ meloksykamem pod k\u0105tem OUN,<\/li>\n\n\n\n<li>albo om\u00f3wi\u0107, <strong>jak odr\u00f3\u017cni\u0107 zapalny b\u00f3l kr\u0119gos\u0142upa od czysto mechanicznego<\/strong>,<\/li>\n\n\n\n<li>albo wskaza\u0107, kiedy warto podejrzewa\u0107 komponent autozapalny.<\/li>\n<\/ul>\n\n\n\n<p><\/p>\n\n\n\n<p><\/p>\n\n\n\n<p><strong><em>czat drugi:<\/em><\/strong><\/p>\n\n\n\n<p><\/p>\n\n\n\n<p>To bardzo ciekawe i wnikliwe spostrze\u017cenie, kt\u00f3re dotyka kluczowego problemu w chronicznych chorobach zwyrodnieniowych kr\u0119gos\u0142upa: <strong>og\u00f3lnoustrojowego stanu zapalnego o niskim nat\u0119\u017ceniu (tzw. zapalenia uk\u0142adowego)<\/strong> oraz jego wp\u0142ywu na o\u015brodkowy uk\u0142ad nerwowy.<\/p>\n\n\n\n<p>W oparciu o podany opis stanu kr\u0119gos\u0142upa, mo\u017cna wyja\u015bni\u0107 to zjawisko nast\u0119puj\u0105co:<\/p>\n\n\n\n<h3 class=\"wp-block-heading\">1. G\u0142\u00f3wna przyczyna objaw\u00f3w: Uk\u0142adowy stan zapalny<\/h3>\n\n\n\n<p>Stan opisany jako:<\/p>\n\n\n\n<ul class=\"wp-block-list\">\n<li><strong>stany zapalne blaszek kr\u0119gowych<\/strong> (zapalenie kr\u0119g\u00f3w, prawdopodobnie chondrocyt\u00f3w lub reakcja na mikrouszkodzenia)<\/li>\n\n\n\n<li><strong>degeneracja i dehydracja kr\u0105\u017ck\u00f3w<\/strong> (uszkodzone kr\u0105\u017cki uwalniaj\u0105 prozapalne cytokiny, takie jak TNF-\u03b1, IL-1\u03b2, IL-6)<\/li>\n\n\n\n<li><strong>zwyrodnienia staw\u00f3w i osteofity<\/strong><\/li>\n<\/ul>\n\n\n\n<p>Tworzy <strong>ci\u0105g\u0142e, przewlek\u0142e \u017ar\u00f3d\u0142o stanu zapalnego<\/strong>. Proces ten nie jest izolowany tylko do kr\u0119gos\u0142upa. Mediatory zapalne przedostaj\u0105 si\u0119 do kr\u0105\u017cenia i dzia\u0142aj\u0105 na ca\u0142y organizm, w tym na m\u00f3zg.<\/p>\n\n\n\n<h3 class=\"wp-block-heading\">2. Wp\u0142yw przewlek\u0142ego stanu zapalnego na m\u00f3zg (mg\u0142a m\u00f3zgowa, nastr\u00f3j, sprawno\u015b\u0107 umys\u0142owa)<\/h3>\n\n\n\n<ul class=\"wp-block-list\">\n<li><strong>Przekroczenie bariery krew-m\u00f3zg:<\/strong> Cytokiny prozapalne mog\u0105 aktywowa\u0107 kom\u00f3rki \u015br\u00f3db\u0142onka naczy\u0144 m\u00f3zgowych i mikroglej (odpowiednik uk\u0142adu immunologicznego w m\u00f3zgu), prowadz\u0105c do <strong>neurozapalenia<\/strong>.<\/li>\n\n\n\n<li><strong>Zaburzenie neurotransmisji:<\/strong> Stany zapalne zak\u0142\u00f3caj\u0105 dzia\u0142anie kluczowych neuroprzeka\u017anik\u00f3w:\n<ul class=\"wp-block-list\">\n<li><strong>Serotonina i noradrenalina<\/strong> \u2013 ich zaburzona synteza i wychwyt wi\u0105\u017c\u0105 si\u0119 z <strong>obni\u017ceniem nastroju<\/strong>, anhedoni\u0105.<\/li>\n\n\n\n<li><strong>Dopamina<\/strong> \u2013 jej obni\u017cony poziom lub zaburzona transmisja skutkuje <strong>spadkiem motywacji, koncentracji i &#8220;ostro\u015bci&#8221; umys\u0142u<\/strong>.<\/li>\n<\/ul>\n<\/li>\n\n\n\n<li><strong>Wp\u0142yw na mitochondria neuron\u00f3w:<\/strong> Zapalenie upo\u015bledza funkcj\u0119 mitochondri\u00f3w, co zmniejsza produkcj\u0119 energii (ATP) w kom\u00f3rkach nerwowych, prowadz\u0105c do <strong>zm\u0119czenia psychicznego i &#8220;mg\u0142y m\u00f3zgowej&#8221;<\/strong>.<\/li>\n\n\n\n<li><strong>Bezpo\u015bredni wp\u0142yw b\u00f3lu:<\/strong> Przewlek\u0142y b\u00f3l jest ogromnym obci\u0105\u017ceniem poznawczym (&#8220;zu\u017cywa zasoby uwagi&#8221;), powoduje stres i zaburzenia snu, co dodatkowo pogarsza funkcje wykonawcze i nastr\u00f3j.<\/li>\n<\/ul>\n\n\n\n<h3 class=\"wp-block-heading\">3. Dlaczego ibuprofen (NLPZ) tak dzia\u0142a w tym przypadku?<\/h3>\n\n\n\n<p>Ibuprofen jest niesteroidowym lekiem przeciwzapalnym. Jego dzia\u0142anie wykracza poza zwyk\u0142e &#8220;przeciwb\u00f3lowe&#8221;.<\/p>\n\n\n\n<ul class=\"wp-block-list\">\n<li><strong>Hamowanie cyklooksygenazy (COX):<\/strong> Ibuprofen blokuje enzymy COX-1 i COX-2, kt\u00f3re s\u0105 kluczowe w syntezie <strong>prostaglandyn<\/strong> \u2013 pot\u0119\u017cnych mediator\u00f3w zapalenia i b\u00f3lu.<\/li>\n\n\n\n<li><strong>Redukcja \u017ar\u00f3d\u0142a problemu:<\/strong> Przyjmuj\u0105c lek, <strong>t\u0142umisz nie tylko b\u00f3l w kr\u0119gos\u0142upie, ale przede wszystkim og\u00f3lnoustrojowe zapalenie<\/strong>, kt\u00f3re jest prawdopodobn\u0105 przyczyn\u0105 zaburze\u0144 funkcji m\u00f3zgu.<\/li>\n\n\n\n<li><strong>Efekt &#8220;odci\u0105\u017cenia&#8221; m\u00f3zgu:<\/strong>\n<ol class=\"wp-block-list\">\n<li>Zmniejszenie st\u0119\u017cenia cytokin prozapalnych w organizmie \u2192 mniejsza aktywacja mikrogleju i neurozapalenia.<\/li>\n\n\n\n<li>Przywr\u00f3cenie bardziej prawid\u0142owej r\u00f3wnowagi neuroprzeka\u017anik\u00f3w.<\/li>\n\n\n\n<li>Poprawa funkcji mitochondri\u00f3w kom\u00f3rek nerwowych.<\/li>\n\n\n\n<li>Zniesienie obci\u0105\u017cenia poznawczego zwi\u0105zanego z ci\u0105g\u0142ym odczuwaniem b\u00f3lu.<\/li>\n<\/ol>\n<\/li>\n<\/ul>\n\n\n\n<p>Efekt jest odczuwalny jako: <strong>ja\u015bniejsze my\u015blenie, lepsza koncentracja, wi\u0119cej energii mentalnej i poprawa nastroju.<\/strong> To nie jest euforyzacja, ale <strong>powr\u00f3t do stanu zbli\u017conego do prawid\u0142owego<\/strong>, kt\u00f3ry wcze\u015bniej by\u0142 t\u0142umiony przez chroniczny stan zapalny.<\/p>\n\n\n\n<h3 class=\"wp-block-heading\">4. Co to oznacza dla Pana\/Pani stanu zdrowia? (implikacje)<\/h3>\n\n\n\n<ol class=\"wp-block-list\">\n<li><strong>Potwierdzenie zwi\u0105zku przyczynowego:<\/strong> Reakcja na ibuprofen silnie sugeruje, \u017ce opisane problemy umys\u0142owe i nastrojowe s\u0105 w istocie <strong>objawami wt\u00f3rnymi<\/strong>, spowodowanymi przez rozleg\u0142y proces zapalny pochodz\u0105cy z kr\u0119gos\u0142upa.<\/li>\n\n\n\n<li><strong>Ostrze\u017cenie przed d\u0142ugotrwa\u0142ym stosowaniem ibuprofenu:<\/strong> Cho\u0107 efekt jest wyra\u017any, d\u0142ugotrwa\u0142e stosowanie NLPZ (a szczeg\u00f3lnie w dawkach przeciwb\u00f3lowych) wi\u0105\u017ce si\u0119 z powa\u017cnymi dzia\u0142aniami niepo\u017c\u0105danymi (\u017co\u0142\u0105dkowo-jelitowymi, nerkowymi, sercowo-naczyniowymi). <strong>Nie jest to rozwi\u0105zanie terapeutyczne na sta\u0142e.<\/strong><\/li>\n\n\n\n<li><strong>Kierunek dalszego post\u0119powania:<\/strong> Odpowied\u017a organizmu na ibuprofen jest wa\u017cn\u0105 informacj\u0105 diagnostyczn\u0105 dla lekarza. Wskazuje, \u017ce <strong>terapia powinna skupi\u0107 si\u0119 na trwa\u0142ym wygaszaniu stanu zapalnego w kr\u0119gos\u0142upie i kompleksowej rehabilitacji<\/strong>.<\/li>\n<\/ol>\n\n\n\n<h3 class=\"wp-block-heading\">Podsumowanie<\/h3>\n\n\n\n<p>Opisany mechanizm to <strong>przep\u0142yw zapalenia obwodowego (kr\u0119gos\u0142up) \u2192 do m\u00f3zgu \u2192 zaburzenie funkcji poznawczych i nastroju<\/strong>. Ibuprofen, hamuj\u0105c to zapalenie u \u017ar\u00f3d\u0142a, pozwala m\u00f3zgowi na chwil\u0119 &#8220;odetchn\u0105\u0107&#8221; i pracowa\u0107 w bardziej fizjologicznych warunkach.<\/p>\n\n\n\n<p><strong>Kluczowa rekomendacja:<\/strong> Nale\u017cy pilnie skonsultowa\u0107 te obserwacje z <strong>lekarzem specjalist\u0105<\/strong> (reumatologiem, ortoped\u0105, neurologiem lub lekarzem rehabilitacji medycznej). Mog\u0105 oni wdro\u017cy\u0107 <strong>bezpieczniejsz\u0105, d\u0142ugofalow\u0105 strategi\u0119 przeciwzapaln\u0105<\/strong> (np. inne leki modyfikuj\u0105ce proces zapalny, dok\u0142adnie zaplanowan\u0105 rehabilitacj\u0119, zabiegi fizykalne, ewentualne blokady) oraz wykluczy\u0107 inne potencjalne przyczyny. Fizjoterapia ukierunkowana na stabilizacj\u0119 kr\u0119gos\u0142upa i popraw\u0119 biomechaniki jest fundamentem leczenia, kt\u00f3re mo\u017ce zmniejszy\u0107 \u017ar\u00f3d\u0142o zapalenia.<\/p>\n\n\n\n<p><\/p>\n","protected":false},"excerpt":{"rendered":"<p>T\u0142o: z\u0142y stan kr\u0119gos\u0142upa: &#8211; degeneracja i dehydracja kr\u0105\u017ck\u00f3w mi\u0119dzykr\u0119gowych, wi\u0119kszo\u015bci &#8211; stany przedprzepuklinowe kr\u0105\u017ck\u00f3w, wielu &#8211; stany zapalne blaszek kr\u0119gowych &#8211; zwyrodnienia staw\u00f3w, oraz osteofity Chc\u0119 spyta\u0107 o mo\u017cliwe przyczyny, \u017ce za\u017cycie ibuprofenu nie tylko zmniejsza b\u00f3l, ale naprawia sprawno\u015b\u0107 umys\u0142ow\u0105, a nawet nastr\u00f3j. Co mo\u017ce si\u0119 dzia\u0107 z uk\u0142adem nerwowym, organizmem, \u017ce s\u0105 &hellip; <a href=\"https:\/\/www.motoga.pl\/index.php\/2026\/01\/04\/zagadnienie-medyczne-i-analizy-czatowe\/\" class=\"more-link\">Continue reading<span class=\"screen-reader-text\"> &#8220;Zagadnienie medyczne i analizy czatowe&#8221;<\/span><\/a><\/p>\n","protected":false},"author":1,"featured_media":0,"comment_status":"open","ping_status":"open","sticky":false,"template":"","format":"standard","meta":{"footnotes":""},"categories":[1],"tags":[],"class_list":["post-160","post","type-post","status-publish","format-standard","hentry","category-uncategorized"],"_links":{"self":[{"href":"https:\/\/www.motoga.pl\/index.php\/wp-json\/wp\/v2\/posts\/160","targetHints":{"allow":["GET"]}}],"collection":[{"href":"https:\/\/www.motoga.pl\/index.php\/wp-json\/wp\/v2\/posts"}],"about":[{"href":"https:\/\/www.motoga.pl\/index.php\/wp-json\/wp\/v2\/types\/post"}],"author":[{"embeddable":true,"href":"https:\/\/www.motoga.pl\/index.php\/wp-json\/wp\/v2\/users\/1"}],"replies":[{"embeddable":true,"href":"https:\/\/www.motoga.pl\/index.php\/wp-json\/wp\/v2\/comments?post=160"}],"version-history":[{"count":1,"href":"https:\/\/www.motoga.pl\/index.php\/wp-json\/wp\/v2\/posts\/160\/revisions"}],"predecessor-version":[{"id":161,"href":"https:\/\/www.motoga.pl\/index.php\/wp-json\/wp\/v2\/posts\/160\/revisions\/161"}],"wp:attachment":[{"href":"https:\/\/www.motoga.pl\/index.php\/wp-json\/wp\/v2\/media?parent=160"}],"wp:term":[{"taxonomy":"category","embeddable":true,"href":"https:\/\/www.motoga.pl\/index.php\/wp-json\/wp\/v2\/categories?post=160"},{"taxonomy":"post_tag","embeddable":true,"href":"https:\/\/www.motoga.pl\/index.php\/wp-json\/wp\/v2\/tags?post=160"}],"curies":[{"name":"wp","href":"https:\/\/api.w.org\/{rel}","templated":true}]}}